
{"id":3862,"date":"2016-09-23T12:29:36","date_gmt":"2016-09-23T10:29:36","guid":{"rendered":"https:\/\/www.kamerkoristonika.lv\/?p=3862"},"modified":"2016-09-23T12:29:36","modified_gmt":"2016-09-23T10:29:36","slug":"ar-krasnu-koncertu-tonika-atzimes-50-gadu-jubileju","status":"publish","type":"post","link":"https:\/\/www.kamerkoristonika.lv\/en\/ar-krasnu-koncertu-tonika-atzimes-50-gadu-jubileju\/","title":{"rendered":"Ar kr\u0101\u0161\u0146u koncertu TONIKA atz\u012bm\u0113s 50 gadu jubileju"},"content":{"rendered":"<p><strong>30. oktobr\u012b plkst. 16.00 Latvijas Universit\u0101tes Lielaj\u0101 aul\u0101, Rai\u0146a bulv\u0101ri 19, R\u012bg\u0101, \u00a0notiks b\u0113rnu un jaunie\u0161u centra R\u012bgas Skol\u0113nu pils \u00a0meite\u0146u kamerkora &#8220;TONIKA&#8221; 50 gadu jubilejas koncerts &#8220;Ce\u013c\u0161, kas sauc&#8230;&#8221;!\u00a0Koncert\u0101 l\u012bdz\u0101s tr\u012bs kora grup\u0101m (studija, meite\u0146u koris un kamerkoris) piedal\u012bsies ar\u012b viesm\u0101kslinieki &#8211; Goran Gora, U\u0123is Roze, M\u0101rti\u0146\u0161 Ruskis, M\u0101rti\u0146\u0161 Zilberts, Zanda Mali\u0161eva un Zane Goi\u017eevska, k\u0101 ar\u012b\u00a0instrument\u0101l\u0101 grupa M\u0101ra Vitkus vad\u012bb\u0101. Koncerta m\u0101ksliniecisk\u0101 vad\u012bt\u0101ja un diri\u0123ente Inga Cimi\u0146a, kormeistare Laila Lineja un vok\u0101l\u0101 pedago\u0123e Annija Stradi\u0146a.<\/strong><\/p>\n<p><em>\u201eDziesmas ce\u013c\u0161, m\u012blest\u012bbas ce\u013c\u0161, uzdro\u0161in\u0101\u0161an\u0101s ce\u013c\u0161, sirds ce\u013c\u0161. Ce\u013c\u0161, kas liek kv\u0113lot, skriet l\u012bdz apv\u0101rsnim, pat tad, kad ir nogurums, ikdienas steiga vai laika tr\u016bkums. \u0160is ce\u013c\u0161 vienm\u0113r sauc un liek iet uz priek\u0161u, pat, ja nav saskat\u0101ms kur tas ved, jo katra \u201eTonikas\u201d dzied\u0101t\u0101ja zina, ka pat nezin\u0101maj\u0101 rad\u012bs jaunus profesion\u0101lus izaicin\u0101jumus, emocij\u0101m bag\u0101tus muzik\u0101lus piedz\u012bvojumus un to unik\u0101lo atmosf\u0113ru, kas ieg\u016bstama tikai ejot \u0161o ce\u013cu, kas sauc\u201d, t\u0101 par gatavo\u0161anos jubilejai un koncerta vadmot\u012bva izv\u0113li \u201eTonikas\u201d m\u0101ksliniecisk\u0101 vad\u012bt\u0101ja Inga Cimi\u0146a.<\/em><\/p>\n<p>Koncerta pirm\u0101 da\u013ca veidota no latvie\u0161u un \u0101rzemju komponistu darbiem, kas biju\u0161i noz\u012bm\u012bgi p\u0113d\u0113jos piecos kora darb\u012bbas gados, savuk\u0101rt otr\u0101 da\u013ca sast\u0101v\u0113s no \u0161\u012b gada jubil\u0101ra un kora darb\u012bb\u0101 \u013coti noz\u012bm\u012bga komponista \u2013 Imanta Kalni\u0146a dziesm\u0101m, kas biju\u0161as kora repertu\u0101r\u0101 kop\u0161 pag\u0101ju\u0161\u0101 gadsimta 70. gadiem, k\u0101 ar\u012b no jauna ien\u0101ku\u0161as repertu\u0101r\u0101 kora rado\u0161o nomet\u0146u programm\u0101s.\u00a0Koncerts b\u016bs iesp\u0113ja\u00a0k\u0101 kora jaunatkl\u0101j\u0113jam, t\u0101 ilgam draugam\u00a0kop\u012bgi sajust, baud\u012bt skaistu m\u016bziku,\u00a0doties vien\u0101 virzien\u0101 &#8211;\u00a0pa Tonikas ce\u013cu.<\/p>\n<p><strong>Par kori:<\/strong><\/p>\n<p>BJC &#8220;R\u012bgas Skol\u0113nu pils&#8221; kamerkoris\u00a0\u201cTonika\u201d\u00a0dibin\u0101ts 1966. gad\u0101. Kora repertu\u0101r\u0101 ir gan gar\u012bg\u0101, gan laic\u012bg\u0101 m\u016bzika no renesanses laikmeta l\u012bdz m\u016bsdien\u0101m, k\u0101 ar\u012b latvie\u0161u un cittautu m\u016bzika. Akt\u012bva ir kora koncertdz\u012bve gan Latvij\u0101, gan \u0101rzem\u0113s.\u00a0\u201cTonika\u201d\u00a0regul\u0101ri piedal\u0101s koncertos, festiv\u0101los un konkursos \u010cehij\u0101, V\u0101cij\u0101, Austrij\u0101, Slov\u0113nij\u0101, \u0160veic\u0113, Francij\u0101 un It\u0101lij\u0101. 2014. gad\u0101 koris ieguva \u00a0augsto sesto vietu sievie\u0161u kamerkoru kategorijas \u010dempionu konkurs\u0101 8. pasaules koru olimpi\u0101d\u0113, 2015. gad\u0101 sasniedza Zelta diploma statusu koru konkurs\u0101 Slov\u0101kij\u0101, savuk\u0101rt 2016. gad\u0101 koncert\u0113ja festiv\u0101l\u0101 Francij\u0101. Labus rezult\u0101tus &#8220;Tonika&#8221;\u00a0uzr\u0101da ar\u012b viet\u0113j\u0101s koru skat\u0113s, piedaloties gan Visp\u0101r\u0113jos latvie\u0161u dziesmu un deju sv\u0113tkos, gan Skolu jaunatnes dziesmu un deju sv\u0113tkos.<\/p>\n<p><strong>Bi\u013cetes uz koncertu \u201eBi\u013ce\u0161u parad\u012bzes\u201d tirdzniec\u012bbas viet\u0101s un <a href=\"http:\/\/www.bilesuparadize.lv\">www.bilesuparadize.lv<\/a>. B\u0113rniem l\u012bdz 7.g.v., neaiz\u0146emot papildus s\u0113dvietu, ieeja bez maksas.<\/strong> <strong>Inform\u0101cijai: <\/strong><strong>Ja v\u0113laties ieg\u0101d\u0101ties bi\u013ceti balkon\u0101, izv\u0113laties sada\u013cu &#8220;Ieejas bi\u013cete&#8221;. Ja v\u0113laties ieg\u0101d\u0101ties bi\u013ceti parter\u012b, izv\u0113laties sada\u013cu &#8220;S\u0113dvietas&#8221;.<\/strong><\/p>\n<p><em>Koncertu atbalsta BJC &#8220;R\u012bgas Skol\u0113nu pils&#8221;, Latvijas Radio, port\u0101ls muzikaspasaule.lv, &#8220;Advert media&#8221;, biedr\u012bba &#8220;LAIDAVAS&#8221;<\/em><\/p>\n","protected":false},"excerpt":{"rendered":"<p>30. oktobr\u012b plkst. 16.00 Latvijas Universit\u0101tes Lielaj\u0101 aul\u0101, Rai\u0146a bulv\u0101ri 19, R\u012bg\u0101, \u00a0notiks b\u0113rnu un jaunie\u0161u centra R\u012bgas Skol\u0113nu pils \u00a0meite\u0146u kamerkora &#8220;TONIKA&#8221; 50 gadu jubilejas koncerts &#8220;Ce\u013c\u0161, kas sauc&#8230;&#8221;!\u00a0Koncert\u0101 l\u012bdz\u0101s tr\u012bs kora grup\u0101m (studija, meite\u0146u koris un kamerkoris) piedal\u012bsies ar\u012b viesm\u0101kslinieki &#8211; Goran Gora, U\u0123is Roze, M\u0101rti\u0146\u0161 Ruskis, M\u0101rti\u0146\u0161 Zilberts, Zanda Mali\u0161eva un Zane Goi\u017eevska, k\u0101 ar\u012b\u00a0instrument\u0101l\u0101 grupa M\u0101ra Vitkus vad\u012bb\u0101. Koncerta m\u0101ksliniecisk\u0101 vad\u012bt\u0101ja un diri\u0123ente Inga Cimi\u0146a, kormeistare&#8230;<\/p>\n","protected":false},"author":2,"featured_media":3861,"comment_status":"open","ping_status":"closed","sticky":false,"template":"","format":"standard","meta":{"footnotes":""},"categories":[1],"tags":[],"class_list":["post-3862","post","type-post","status-publish","format-standard","has-post-thumbnail","hentry","category-news"],"_links":{"self":[{"href":"https:\/\/www.kamerkoristonika.lv\/en\/wp-json\/wp\/v2\/posts\/3862","targetHints":{"allow":["GET"]}}],"collection":[{"href":"https:\/\/www.kamerkoristonika.lv\/en\/wp-json\/wp\/v2\/posts"}],"about":[{"href":"https:\/\/www.kamerkoristonika.lv\/en\/wp-json\/wp\/v2\/types\/post"}],"author":[{"embeddable":true,"href":"https:\/\/www.kamerkoristonika.lv\/en\/wp-json\/wp\/v2\/users\/2"}],"replies":[{"embeddable":true,"href":"https:\/\/www.kamerkoristonika.lv\/en\/wp-json\/wp\/v2\/comments?post=3862"}],"version-history":[{"count":2,"href":"https:\/\/www.kamerkoristonika.lv\/en\/wp-json\/wp\/v2\/posts\/3862\/revisions"}],"predecessor-version":[{"id":3864,"href":"https:\/\/www.kamerkoristonika.lv\/en\/wp-json\/wp\/v2\/posts\/3862\/revisions\/3864"}],"wp:featuredmedia":[{"embeddable":true,"href":"https:\/\/www.kamerkoristonika.lv\/en\/wp-json\/wp\/v2\/media\/3861"}],"wp:attachment":[{"href":"https:\/\/www.kamerkoristonika.lv\/en\/wp-json\/wp\/v2\/media?parent=3862"}],"wp:term":[{"taxonomy":"category","embeddable":true,"href":"https:\/\/www.kamerkoristonika.lv\/en\/wp-json\/wp\/v2\/categories?post=3862"},{"taxonomy":"post_tag","embeddable":true,"href":"https:\/\/www.kamerkoristonika.lv\/en\/wp-json\/wp\/v2\/tags?post=3862"}],"curies":[{"name":"wp","href":"https:\/\/api.w.org\/{rel}","templated":true}]}}