
{"id":3796,"date":"2016-05-19T11:31:20","date_gmt":"2016-05-19T09:31:20","guid":{"rendered":"https:\/\/www.kamerkoristonika.lv\/?p=3796"},"modified":"2016-05-19T11:31:39","modified_gmt":"2016-05-19T09:31:39","slug":"aicinam-pievienoties-tonikas-nometnei","status":"publish","type":"post","link":"https:\/\/www.kamerkoristonika.lv\/en\/aicinam-pievienoties-tonikas-nometnei\/","title":{"rendered":"Aicin\u0101m pievienoties TONIKAS nometnei!"},"content":{"rendered":"<div data-block=\"true\" data-editor=\"i0go\" data-offset-key=\"8f22-0-0\">\n<div data-offset-key=\"8f22-0-0\">No 25. j\u016bnija l\u012bdz 2. j\u016blijam, k\u0101 ik vasaru, pavad\u012bsim nometn\u0113 &#8220;Ar Dziesmu par dz\u012bvi&#8221; Valdem\u0101rpils vidusskol\u0101.\u00a0<strong>Uz nometni ir iesp\u0113ja pieteikties meiten\u0113m vecum\u0101 no 6 gadiem (ar\u012b, kas \u0161obr\u012bd nedzied kor\u012b)!<\/strong><\/div>\n<\/div>\n<div data-block=\"true\" data-editor=\"i0go\" data-offset-key=\"1n0ea-0-0\"><\/div>\n<div data-block=\"true\" data-editor=\"i0go\" data-offset-key=\"25qkk-0-0\">\n<div data-offset-key=\"25qkk-0-0\">Tonikas nometnes ir \u012bpa\u0161as ar to, ka meitenes ne tikai apg\u016bst pavisam jaunu repertu\u0101ru, ko atr\u0101da vec\u0101kiem un draugiem \u012bpa\u0161\u0101 nometnes nosl\u0113guma koncert\u0101, bet ar\u012b glezno, sporto, dejo un kop\u012bgi veido te\u0101tra, kino un citus tematiskos vakarus.<\/div>\n<\/div>\n<div data-block=\"true\" data-editor=\"i0go\" data-offset-key=\"e067m-0-0\"><\/div>\n<div data-block=\"true\" data-editor=\"i0go\" data-offset-key=\"dqmqi-0-0\">\n<div data-offset-key=\"dqmqi-0-0\">Par samaksu un cit\u0101m nians\u0113m interes\u0113jies pie TONIKAS m\u0101ksliniecisk\u0101s vad\u012bt\u0101jas Ingas (inga.cimina@gmail.com, +371 26350621).<\/div>\n<\/div>\n<div data-block=\"true\" data-editor=\"i0go\" data-offset-key=\"bri1-0-0\"><\/div>\n<div data-block=\"true\" data-editor=\"i0go\" data-offset-key=\"bri1-0-0\"><\/div>\n<div data-block=\"true\" data-editor=\"i0go\" data-offset-key=\"nt1m-0-0\"><\/div>\n","protected":false},"excerpt":{"rendered":"<p>No 25. j\u016bnija l\u012bdz 2. j\u016blijam, k\u0101 ik vasaru, pavad\u012bsim nometn\u0113 &#8220;Ar Dziesmu par dz\u012bvi&#8221; Valdem\u0101rpils vidusskol\u0101.\u00a0Uz nometni ir iesp\u0113ja pieteikties meiten\u0113m vecum\u0101 no 6 gadiem (ar\u012b, kas \u0161obr\u012bd nedzied kor\u012b)! Tonikas nometnes ir \u012bpa\u0161as ar to, ka meitenes ne tikai apg\u016bst pavisam jaunu repertu\u0101ru, ko atr\u0101da vec\u0101kiem un draugiem \u012bpa\u0161\u0101 nometnes nosl\u0113guma koncert\u0101, bet ar\u012b glezno, sporto, dejo un kop\u012bgi veido te\u0101tra, kino un citus tematiskos vakarus. Par samaksu&#8230;<\/p>\n","protected":false},"author":2,"featured_media":3797,"comment_status":"open","ping_status":"closed","sticky":false,"template":"","format":"standard","meta":{"footnotes":""},"categories":[1],"tags":[],"class_list":["post-3796","post","type-post","status-publish","format-standard","has-post-thumbnail","hentry","category-news"],"_links":{"self":[{"href":"https:\/\/www.kamerkoristonika.lv\/en\/wp-json\/wp\/v2\/posts\/3796","targetHints":{"allow":["GET"]}}],"collection":[{"href":"https:\/\/www.kamerkoristonika.lv\/en\/wp-json\/wp\/v2\/posts"}],"about":[{"href":"https:\/\/www.kamerkoristonika.lv\/en\/wp-json\/wp\/v2\/types\/post"}],"author":[{"embeddable":true,"href":"https:\/\/www.kamerkoristonika.lv\/en\/wp-json\/wp\/v2\/users\/2"}],"replies":[{"embeddable":true,"href":"https:\/\/www.kamerkoristonika.lv\/en\/wp-json\/wp\/v2\/comments?post=3796"}],"version-history":[{"count":2,"href":"https:\/\/www.kamerkoristonika.lv\/en\/wp-json\/wp\/v2\/posts\/3796\/revisions"}],"predecessor-version":[{"id":3799,"href":"https:\/\/www.kamerkoristonika.lv\/en\/wp-json\/wp\/v2\/posts\/3796\/revisions\/3799"}],"wp:featuredmedia":[{"embeddable":true,"href":"https:\/\/www.kamerkoristonika.lv\/en\/wp-json\/wp\/v2\/media\/3797"}],"wp:attachment":[{"href":"https:\/\/www.kamerkoristonika.lv\/en\/wp-json\/wp\/v2\/media?parent=3796"}],"wp:term":[{"taxonomy":"category","embeddable":true,"href":"https:\/\/www.kamerkoristonika.lv\/en\/wp-json\/wp\/v2\/categories?post=3796"},{"taxonomy":"post_tag","embeddable":true,"href":"https:\/\/www.kamerkoristonika.lv\/en\/wp-json\/wp\/v2\/tags?post=3796"}],"curies":[{"name":"wp","href":"https:\/\/api.w.org\/{rel}","templated":true}]}}